{"id":1186,"date":"2018-12-19T21:24:11","date_gmt":"2018-12-19T21:24:11","guid":{"rendered":"https:\/\/renepape.com\/?p=1186"},"modified":"2018-12-19T21:24:30","modified_gmt":"2018-12-19T21:24:30","slug":"rene-pape-honored-as-osterreichischer-kammersanger-at-wiener-staatsoper","status":"publish","type":"post","link":"https:\/\/renepape.com\/de\/2018\/12\/19\/rene-pape-honored-as-osterreichischer-kammersanger-at-wiener-staatsoper\/","title":{"rendered":"Ren\u00e9 Pape wurde \u00f6sterreichischer Kammers\u00e4nger"},"content":{"rendered":"<p>Im Anschluss an die gestrige (18. Dezember 2018) Vorstellung von Die Zauberfl\u00f6te an der Wiener Staatsoper wurde Ren\u00e9 Pape auf offener B\u00fchne der \u00f6sterreichische Berufstitel \u201eKammers\u00e4nger\u201c verliehen. Der dem Haus am Ring seit vielen Jahren verbundene deutsche Bass war an diesem Abend als Sarastro zu erleben.<\/p>\n<p>F\u00fcr die Auszeichnung versammelte sich das Ensemble des Abends \u2013 darunter Dirigent Adam Fischer, Clemens Unterreiner (Papageno), Benjamin Bernheim (Tamino), Valentina Naforni\u0163\u0103(Pamina), Hila Fahima (K\u00f6nigin der Nacht), Daniela Fally (Papagena), KS Benedikt Kobel (Monostatos) und der Chor der Wiener Staatsoper auf der B\u00fchne, die Urkunde wurde im Anschluss an die Rede von Staatsoperndirektor Dominique Meyer von Bundestheater-Holding- Gesch\u00e4ftsf\u00fchrer Christian Kircher \u00fcberreicht.<\/p>\n<p>\u201e<em>Den Titel \u00d6sterreichischer Kammers\u00e4nger bekommen K\u00fcnstler verliehen, die wir lieben, und die musikalisch Gro\u00dfes f\u00fcr das Haus und f\u00fcr das Land geleistet haben. Ren\u00e9 Pape hat schon eine lange Karriere in \u00d6sterreich, er hat viel in Salzburg und an der Wiener Staatsoper gesungen, die wichtigsten Rollen seines Fachs. Ich freue mich, dass wir heute mit Ren\u00e9 Pape einen beliebten S\u00e4nger auszeichnen d\u00fcrfen, der zu den Gr\u00f6\u00dften der Welt z\u00e4hlt, undhinter dessen K\u00fcnstlerpers\u00f6nlichkeit ein sehr liebensw\u00fcrdiger Mensch steckt<\/em>\u201c, so Staatsoperndirektor Dominique Meyer.<\/p>\n<p>Ren\u00e9 Pape zeigte sich von der Ehrung ger\u00fchrt und betonte, er werde den Kammers\u00e4ngertitel mit \u201e<em>Freude, W\u00fcrde und Ehre<\/em>\u201c tragen. Und schloss, ans Publikum gewandt: \u201e<em>Es wird mir weiterhin einegro\u00dfe Freude sein, Sie gl\u00fccklich machen zu k\u00f6nnen!<\/em>\u201c.<\/p>\n<p>KS Ren\u00e9 Pape deb\u00fctierte 1991 als Sprecher in Die Zauberfl\u00f6te an der Wiener Staatsoper und verk\u00f6rperte hier bisher insgesamt 10 Partien in 58 Vorstellungen: Neben dem Sprecher gestaltete er Don Fernando (Fidelio), Sarastro (Die Zauberfl\u00f6te), Hunding (Die Walk\u00fcre), Filippo II. (Don Carlo), K\u00f6nig Heinrich (Lohengrin), Leporello (Don Giovanni), Boris Godunow, Gurnemanz (Parsifal) und zuletzt Orest (Elektra). Im April 2019 wird er an der Wiener Staatsoper erneut als Gurnemanz zu erleben sein.<\/p>\n<p>Weitere Vorstellungstermine von Mozarts Die Zauberfl\u00f6te finden am 22., 26., 28. und 30. Dezember statt. Benjamin Bernheim singt den Tamino und Clemens Unterreiner (15., 18., 22. Dezember) bzw. Rafael Fingerlos (26., 28., 30. Dezember) den Papageno. Valentina Naforni\u0163\u0103 ist als Pamina zu erleben, Hila Fahima als K\u00f6nigin der Nacht, Ren\u00e9 Pape als Sarastro, Ileana Tonca als Papagena und KS Benedikt Kobel als Monostatos. Es dirigiert Adam Fischer.<\/p>\n<p>Die Vorstellungen am 28 und 30. Dezember werden live auf den Herbert von Karajan-Platz \u00fcbertragen.<\/p>\n<p>Ren\u00e9 Pape ist bereits Bayerischer Kammers\u00e4nger und Berliner Kammers\u00e4nger.<\/p>","protected":false},"excerpt":{"rendered":"<p>Im Anschluss an die gestrige (18. Dezember 2018) Vorstellung von Die Zauberfl\u00f6te an der Wiener Staatsoper wurde Ren\u00e9 Pape auf offener B\u00fchne der \u00f6sterreichische Berufstitel \u201eKammers\u00e4nger\u201c verliehen. Der dem Haus am Ring seit vielen Jahren verbundene deutsche Bass war an diesem Abend als Sarastro zu erleben. F\u00fcr die Auszeichnung versammelte sich das Ensemble des Abends [&hellip;]<\/p>\n","protected":false},"author":2,"featured_media":1187,"comment_status":"open","ping_status":"open","sticky":false,"template":"","format":"standard","meta":{"footnotes":""},"categories":[1],"tags":[],"class_list":["post-1186","post","type-post","status-publish","format-standard","has-post-thumbnail","hentry","category-news"],"acf":[],"_links":{"self":[{"href":"https:\/\/renepape.com\/de\/wp-json\/wp\/v2\/posts\/1186","targetHints":{"allow":["GET"]}}],"collection":[{"href":"https:\/\/renepape.com\/de\/wp-json\/wp\/v2\/posts"}],"about":[{"href":"https:\/\/renepape.com\/de\/wp-json\/wp\/v2\/types\/post"}],"author":[{"embeddable":true,"href":"https:\/\/renepape.com\/de\/wp-json\/wp\/v2\/users\/2"}],"replies":[{"embeddable":true,"href":"https:\/\/renepape.com\/de\/wp-json\/wp\/v2\/comments?post=1186"}],"version-history":[{"count":0,"href":"https:\/\/renepape.com\/de\/wp-json\/wp\/v2\/posts\/1186\/revisions"}],"wp:featuredmedia":[{"embeddable":true,"href":"https:\/\/renepape.com\/de\/wp-json\/wp\/v2\/media\/1187"}],"wp:attachment":[{"href":"https:\/\/renepape.com\/de\/wp-json\/wp\/v2\/media?parent=1186"}],"wp:term":[{"taxonomy":"category","embeddable":true,"href":"https:\/\/renepape.com\/de\/wp-json\/wp\/v2\/categories?post=1186"},{"taxonomy":"post_tag","embeddable":true,"href":"https:\/\/renepape.com\/de\/wp-json\/wp\/v2\/tags?post=1186"}],"curies":[{"name":"wp","href":"https:\/\/api.w.org\/{rel}","templated":true}]}}