{"id":1249,"date":"2019-11-15T06:34:33","date_gmt":"2019-11-15T06:34:33","guid":{"rendered":"https:\/\/renepape.com\/?p=1249"},"modified":"2019-11-29T06:12:04","modified_gmt":"2019-11-29T06:12:04","slug":"end-of-the-year-performances","status":"publish","type":"post","link":"https:\/\/renepape.com\/de\/2019\/11\/15\/end-of-the-year-performances\/","title":{"rendered":"Auff\u00fchrungen im Dezember"},"content":{"rendered":"<p>Am\u00a0<a href=\"https:\/\/www.staatsoper-berlin.de\/en\/veranstaltungen\/die-zauberfloete-sharon.2765\/#event-32564\" target=\"_blank\" rel=\"noopener noreferrer\">28. &amp; 29. November und 5., 20. &amp; 27. Dezember<\/a>\u00a0kehrt Ren\u00e9 Pape an die Berliner Staatsoper in eine seiner Paraderolle \u2013 als Sarastro \u2013 zur\u00fcck.\u00a0<i>Die Zauberfl\u00f6te<\/i>\u00a0ist au\u00dferdem mit Julian Pr\u00e9gardien als Tamino, Serena S\u00e1enz als Pamina, Albina Shagimuratova als K\u00f6nigin der Nacht, Florian Teichtmeister als Papageno und Victoria Randem als Papagena besetzt. Julien Salemkour und Alexander Soddy dirigieren diese Neuproduktion von Yuval Sharon.<\/p>\n<p>Danach geht es f\u00fcr zwei Liederabende mit Camillo Radicke am\u00a0<a href=\"https:\/\/www.wiener-staatsoper.at\/spielplan-tickets\/detail\/event\/973196688-solistenkonzert-rene-pape-camillo-radicke\/\" target=\"_blank\" rel=\"noopener noreferrer\">16. Dezember<\/a>\u00a0an die Wiener Staatsoper und an den Musikverein Graz am\u00a0<a href=\"http:\/\/www.musikverein-graz.at\/konzert\/3-liederabend-5\/\" target=\"_blank\" rel=\"noopener noreferrer\">19. Dezember<\/a>. Das Programm umfasst Werke von Mozart, Wolf, Schubert, Sibelius und anderen.<\/p>\n<p>Zum Jahreswechsel kommt Pape noch einmal an die Staatsoper, um am\u00a0<a href=\"https:\/\/www.staatsoper-berlin.de\/en\/veranstaltungen\/konzert-zum-jahreswechsel.7791\/#event-33717\" target=\"_blank\" rel=\"noopener noreferrer\">31. Dezember &amp; 1. Januar<\/a>\u00a0unter Daniel Barenboim und mit Elena Stikhina, Marina Prudenskaya und Andreas Schager Beethovens Neunte Symphonie feierlich aufzuf\u00fchren.<\/p>","protected":false},"excerpt":{"rendered":"<p>Am\u00a028. &amp; 29. November und 5., 20. &amp; 27. Dezember\u00a0kehrt Ren\u00e9 Pape an die Berliner Staatsoper in eine seiner Paraderolle \u2013 als Sarastro \u2013 zur\u00fcck.\u00a0Die Zauberfl\u00f6te\u00a0ist au\u00dferdem mit Julian Pr\u00e9gardien als Tamino, Serena S\u00e1enz als Pamina, Albina Shagimuratova als K\u00f6nigin der Nacht, Florian Teichtmeister als Papageno und Victoria Randem als Papagena besetzt. Julien Salemkour und [&hellip;]<\/p>\n","protected":false},"author":2,"featured_media":1067,"comment_status":"open","ping_status":"open","sticky":false,"template":"","format":"standard","meta":{"footnotes":""},"categories":[1],"tags":[],"class_list":["post-1249","post","type-post","status-publish","format-standard","has-post-thumbnail","hentry","category-news"],"acf":[],"_links":{"self":[{"href":"https:\/\/renepape.com\/de\/wp-json\/wp\/v2\/posts\/1249","targetHints":{"allow":["GET"]}}],"collection":[{"href":"https:\/\/renepape.com\/de\/wp-json\/wp\/v2\/posts"}],"about":[{"href":"https:\/\/renepape.com\/de\/wp-json\/wp\/v2\/types\/post"}],"author":[{"embeddable":true,"href":"https:\/\/renepape.com\/de\/wp-json\/wp\/v2\/users\/2"}],"replies":[{"embeddable":true,"href":"https:\/\/renepape.com\/de\/wp-json\/wp\/v2\/comments?post=1249"}],"version-history":[{"count":0,"href":"https:\/\/renepape.com\/de\/wp-json\/wp\/v2\/posts\/1249\/revisions"}],"wp:featuredmedia":[{"embeddable":true,"href":"https:\/\/renepape.com\/de\/wp-json\/wp\/v2\/media\/1067"}],"wp:attachment":[{"href":"https:\/\/renepape.com\/de\/wp-json\/wp\/v2\/media?parent=1249"}],"wp:term":[{"taxonomy":"category","embeddable":true,"href":"https:\/\/renepape.com\/de\/wp-json\/wp\/v2\/categories?post=1249"},{"taxonomy":"post_tag","embeddable":true,"href":"https:\/\/renepape.com\/de\/wp-json\/wp\/v2\/tags?post=1249"}],"curies":[{"name":"wp","href":"https:\/\/api.w.org\/{rel}","templated":true}]}}