{"id":596,"date":"2013-08-16T16:02:39","date_gmt":"2013-08-16T16:02:39","guid":{"rendered":"http:\/\/renepape.wpengine.com\/?p=596"},"modified":"2018-03-30T21:02:43","modified_gmt":"2018-03-30T21:02:43","slug":"verdi-requiem-2","status":"publish","type":"post","link":"https:\/\/renepape.com\/de\/2013\/08\/16\/verdi-requiem-2\/","title":{"rendered":"Verdi Requiem"},"content":{"rendered":"<p>Das Requiem in Starbesetzung: Mit Anja Harteros, El\u012bna Garan\u010da, Jonas Kaufmann, Ren\u00e9 Pape, Daniel Barenboim und dem Chor und Orchester der Mail\u00e4nder Scala &#8211; den Verdi-Spezialisten par Excellence.<\/p>","protected":false},"excerpt":{"rendered":"<p>Das Requiem in Starbesetzung: Mit Anja Harteros, El\u012bna Garan\u010da, Jonas Kaufmann, Ren\u00e9 Pape, Daniel Barenboim und dem Chor und Orchester der Mail\u00e4nder Scala &#8211; den Verdi-Spezialisten par Excellence.<\/p>\n","protected":false},"author":2,"featured_media":597,"comment_status":"open","ping_status":"open","sticky":false,"template":"","format":"standard","meta":{"footnotes":""},"categories":[10,6],"tags":[],"class_list":["post-596","post","type-post","status-publish","format-standard","has-post-thumbnail","hentry","category-dvd","category-recordings"],"acf":[],"_links":{"self":[{"href":"https:\/\/renepape.com\/de\/wp-json\/wp\/v2\/posts\/596","targetHints":{"allow":["GET"]}}],"collection":[{"href":"https:\/\/renepape.com\/de\/wp-json\/wp\/v2\/posts"}],"about":[{"href":"https:\/\/renepape.com\/de\/wp-json\/wp\/v2\/types\/post"}],"author":[{"embeddable":true,"href":"https:\/\/renepape.com\/de\/wp-json\/wp\/v2\/users\/2"}],"replies":[{"embeddable":true,"href":"https:\/\/renepape.com\/de\/wp-json\/wp\/v2\/comments?post=596"}],"version-history":[{"count":0,"href":"https:\/\/renepape.com\/de\/wp-json\/wp\/v2\/posts\/596\/revisions"}],"wp:featuredmedia":[{"embeddable":true,"href":"https:\/\/renepape.com\/de\/wp-json\/wp\/v2\/media\/597"}],"wp:attachment":[{"href":"https:\/\/renepape.com\/de\/wp-json\/wp\/v2\/media?parent=596"}],"wp:term":[{"taxonomy":"category","embeddable":true,"href":"https:\/\/renepape.com\/de\/wp-json\/wp\/v2\/categories?post=596"},{"taxonomy":"post_tag","embeddable":true,"href":"https:\/\/renepape.com\/de\/wp-json\/wp\/v2\/tags?post=596"}],"curies":[{"name":"wp","href":"https:\/\/api.w.org\/{rel}","templated":true}]}}