{"id":783,"date":"2017-07-07T14:12:04","date_gmt":"2017-07-07T14:12:04","guid":{"rendered":"http:\/\/renepape.wpengine.com\/?p=783"},"modified":"2017-07-23T20:59:02","modified_gmt":"2017-07-23T20:59:02","slug":"rene-pape-honored-as-a-kammersanger-in-munich","status":"publish","type":"post","link":"https:\/\/renepape.com\/de\/2017\/07\/07\/rene-pape-honored-as-a-kammersanger-in-munich\/","title":{"rendered":"Ren\u00e9 Pape wird zum Kammers\u00e4nger in M\u00fcnchen ernannt"},"content":{"rendered":"<p>Ren\u00e9 Pape wurde am 6. Juli in M\u00fcnchen zum Kammers\u00e4nger der Bayerischen Staatsoper ernannt, direkt nach der Vorstellung der Zauberfl\u00f6te, wo er den Sarastro sang. Damit ist er Teil einer Gruppe an auserw\u00e4hlten K\u00fcnstlern wie Jonas Kaufmann, Diana Damrau, Fritz Wunderlich, Edda Moser und anderen, denen diese Ehre als herausragende\/r Operns\u00e4nger\/in zuteilwurde. Dies ist schon das zweite Mal, dass ein Opernhaus Pape zum Kammers\u00e4nger ernennt, nachdem schon die Berliner Staatsoper ihn schon entsprechend geehrt hatte. So reiht sich diese Anerkennung in eine Sammlung von Auszeichnungen wie dem ECHO Klassik f\u00fcr die Soloaufnahme &#8222;Gods, Kings and Demons&#8220; oder der Benennung zum K\u00fcnstler des Jahres der Deutschen Schallplattenkritik 2006.<\/p>\n<p>Ren\u00e9 Pape kann seit seinem B\u00fchnendeb\u00fct 1988 auf eine steile internationale Karriere blicken, bei der er an den f\u00fchrenden H\u00e4usern der Welt gro\u00dfes Ansehen erlangt hat.\u00a0<em>Opera News<\/em>\u00a0kommentiert, Ren\u00e9 Pape sei ein K\u00fcnstler, der das Publikum mit seinem Charisma, seiner Intelligenz und seiner einzigartigen Stimme verzaubert: das opulente Timbre von Papes geschmeidigem, ausdrucksstarken Bass sei unverwechselbar; seine samtige, dunkle Textur gesprenkelt mit auff\u00e4lligen Glanzpunkten.\u00a0(\u201cRen\u00e9 Pape is an artist who thrills his audiences with charisma, intelligence, and a one-in-a-million voice: the luxurious timbre of Pape\u2019s supple, expressive bass is unmistakable; its velvety, dark-brown texture shot with ear-catching flashes of brightness.\u201d)<\/p>\n<p>Pape ist besonders bekannt f\u00fcr seine Darstellungen von Sarastro in\u00a0<em>Die Zauberfl\u00f6te<\/em>, K\u00f6nig Marke in\u00a0<em>Tristan und Isolde<\/em>\u00a0oder K\u00f6nig Heinrich in\u00a0<em>Lohengrin<\/em>. Weitere Paraderollen sind zum Beispiel M\u00e9phistoph\u00e9l\u00e8s (<em>Faust<\/em>), Banquo (<em>Macbeth)<\/em>, Philipp II, K\u00f6nig von Spanien (<em>Don Carlo<\/em>) und die Titelrollen in\u00a0<em>Don Giovanni, Mefistofele\u00a0<\/em>und<em>\u00a0Boris Godunov<\/em>. Seine k\u00fcrzlich an der Bayerischen Staatsoper aufgenommene Darbietung in\u00a0<em>Mefistofele<\/em>\u00a0von Boito ist nun\u00a0<a href=\"https:\/\/urldefense.proofpoint.com\/v2\/url?u=https-3A__www.amazon.com_Arrigo-2DBoito-2DMefistofele-2DRen-25C3-25A9-2DPape_dp_B01M62K8T6&amp;d=DwMFaQ&amp;c=o_lJda16WK5Kq4wBheKNrA&amp;r=B0uv4oQ2RypSONxUW8SlUcYG4DDDywnlB6Txf5aV140&amp;m=CLmTrMmc6Fh7yxBZulQ28BwgNx67pj6NVg6v0bP6Mvs&amp;s=6d3BP8XoJphXn_MqDH42NjobBPDptK1-ervqcuazLc8&amp;e=\" target=\"_blank\" rel=\"noopener noreferrer\">im Handel<\/a>\u00a0erh\u00e4ltlich.<\/p>\n<p>Ende Juli wird Pape nach 20 Jahren wieder nach Bayreuth zur\u00fcck kehren, um als K\u00f6nig Marke unter der Leitung von Christian Thielemann auf der B\u00fchne zu stehen.<\/p>","protected":false},"excerpt":{"rendered":"<p>Ren\u00e9 Pape wurde am 6. Juli in M\u00fcnchen zum Kammers\u00e4nger der Bayerischen Staatsoper ernannt, direkt nach der Vorstellung der Zauberfl\u00f6te, wo er den Sarastro sang. Damit ist er Teil einer Gruppe an auserw\u00e4hlten K\u00fcnstlern wie Jonas Kaufmann, Diana Damrau, Fritz Wunderlich, Edda Moser und anderen, denen diese Ehre als herausragende\/r Operns\u00e4nger\/in zuteilwurde. Dies ist schon [&hellip;]<\/p>\n","protected":false},"author":2,"featured_media":941,"comment_status":"open","ping_status":"open","sticky":false,"template":"","format":"standard","meta":{"footnotes":""},"categories":[1],"tags":[],"class_list":["post-783","post","type-post","status-publish","format-standard","has-post-thumbnail","hentry","category-news"],"acf":[],"_links":{"self":[{"href":"https:\/\/renepape.com\/de\/wp-json\/wp\/v2\/posts\/783","targetHints":{"allow":["GET"]}}],"collection":[{"href":"https:\/\/renepape.com\/de\/wp-json\/wp\/v2\/posts"}],"about":[{"href":"https:\/\/renepape.com\/de\/wp-json\/wp\/v2\/types\/post"}],"author":[{"embeddable":true,"href":"https:\/\/renepape.com\/de\/wp-json\/wp\/v2\/users\/2"}],"replies":[{"embeddable":true,"href":"https:\/\/renepape.com\/de\/wp-json\/wp\/v2\/comments?post=783"}],"version-history":[{"count":0,"href":"https:\/\/renepape.com\/de\/wp-json\/wp\/v2\/posts\/783\/revisions"}],"wp:featuredmedia":[{"embeddable":true,"href":"https:\/\/renepape.com\/de\/wp-json\/wp\/v2\/media\/941"}],"wp:attachment":[{"href":"https:\/\/renepape.com\/de\/wp-json\/wp\/v2\/media?parent=783"}],"wp:term":[{"taxonomy":"category","embeddable":true,"href":"https:\/\/renepape.com\/de\/wp-json\/wp\/v2\/categories?post=783"},{"taxonomy":"post_tag","embeddable":true,"href":"https:\/\/renepape.com\/de\/wp-json\/wp\/v2\/tags?post=783"}],"curies":[{"name":"wp","href":"https:\/\/api.w.org\/{rel}","templated":true}]}}